{"id":2249,"date":"2023-09-08T23:01:49","date_gmt":"2023-09-08T21:01:49","guid":{"rendered":"https:\/\/www.foire-des-minees.fr\/?p=2249"},"modified":"2023-09-10T07:57:36","modified_gmt":"2023-09-10T05:57:36","slug":"inauguration-de-la-foire-des-minees-2023","status":"publish","type":"post","link":"https:\/\/www.foire-des-minees.fr\/inauguration-de-la-foire-des-minees-2023\/","title":{"rendered":"Inauguration de la Foire des Min\u00e9es 2023"},"content":{"rendered":"<p>[et_pb_section bb_built=\u00a0\u00bb1&Prime; admin_label=\u00a0\u00bbsection\u00a0\u00bb _builder_version=\u00a0\u00bb4.16&Prime; global_colors_info=\u00a0\u00bb{}\u00a0\u00bb][et_pb_row admin_label=\u00a0\u00bbrow\u00a0\u00bb column_structure=\u00a0\u00bb3_5,2_5&Prime; _builder_version=\u00a0\u00bb4.16&Prime; background_size=\u00a0\u00bbinitial\u00a0\u00bb background_position=\u00a0\u00bbtop_left\u00a0\u00bb background_repeat=\u00a0\u00bbrepeat\u00a0\u00bb global_colors_info=\u00a0\u00bb{}\u00a0\u00bb][et_pb_column type=\u00a0\u00bb3_5&Prime; _builder_version=\u00a0\u00bb4.16&Prime; custom_padding=\u00a0\u00bb|||\u00a0\u00bb global_colors_info=\u00a0\u00bb{}\u00a0\u00bb custom_padding__hover=\u00a0\u00bb|||\u00a0\u00bb][et_pb_text admin_label=\u00a0\u00bbText\u00a0\u00bb _builder_version=\u00a0\u00bb4.21.0&Prime; background_size=\u00a0\u00bbinitial\u00a0\u00bb background_position=\u00a0\u00bbtop_left\u00a0\u00bb background_repeat=\u00a0\u00bbrepeat\u00a0\u00bb global_colors_info=\u00a0\u00bb{}\u00a0\u00bb background_pattern_color=\u00a0\u00bbrgba(0,0,0,0.2)\u00a0\u00bb background_mask_color=\u00a0\u00bb#ffffff\u00a0\u00bb text_text_shadow_horizontal_length=\u00a0\u00bbtext_text_shadow_style,%91object Object%93&Prime; text_text_shadow_horizontal_length_tablet=\u00a0\u00bb0px\u00a0\u00bb text_text_shadow_vertical_length=\u00a0\u00bbtext_text_shadow_style,%91object Object%93&Prime; text_text_shadow_vertical_length_tablet=\u00a0\u00bb0px\u00a0\u00bb text_text_shadow_blur_strength=\u00a0\u00bbtext_text_shadow_style,%91object Object%93&Prime; text_text_shadow_blur_strength_tablet=\u00a0\u00bb1px\u00a0\u00bb link_text_shadow_horizontal_length=\u00a0\u00bblink_text_shadow_style,%91object Object%93&Prime; link_text_shadow_horizontal_length_tablet=\u00a0\u00bb0px\u00a0\u00bb link_text_shadow_vertical_length=\u00a0\u00bblink_text_shadow_style,%91object Object%93&Prime; link_text_shadow_vertical_length_tablet=\u00a0\u00bb0px\u00a0\u00bb link_text_shadow_blur_strength=\u00a0\u00bblink_text_shadow_style,%91object Object%93&Prime; link_text_shadow_blur_strength_tablet=\u00a0\u00bb1px\u00a0\u00bb ul_text_shadow_horizontal_length=\u00a0\u00bbul_text_shadow_style,%91object Object%93&Prime; ul_text_shadow_horizontal_length_tablet=\u00a0\u00bb0px\u00a0\u00bb ul_text_shadow_vertical_length=\u00a0\u00bbul_text_shadow_style,%91object Object%93&Prime; ul_text_shadow_vertical_length_tablet=\u00a0\u00bb0px\u00a0\u00bb ul_text_shadow_blur_strength=\u00a0\u00bbul_text_shadow_style,%91object Object%93&Prime; ul_text_shadow_blur_strength_tablet=\u00a0\u00bb1px\u00a0\u00bb ol_text_shadow_horizontal_length=\u00a0\u00bbol_text_shadow_style,%91object Object%93&Prime; ol_text_shadow_horizontal_length_tablet=\u00a0\u00bb0px\u00a0\u00bb ol_text_shadow_vertical_length=\u00a0\u00bbol_text_shadow_style,%91object Object%93&Prime; ol_text_shadow_vertical_length_tablet=\u00a0\u00bb0px\u00a0\u00bb ol_text_shadow_blur_strength=\u00a0\u00bbol_text_shadow_style,%91object Object%93&Prime; ol_text_shadow_blur_strength_tablet=\u00a0\u00bb1px\u00a0\u00bb quote_text_shadow_horizontal_length=\u00a0\u00bbquote_text_shadow_style,%91object Object%93&Prime; quote_text_shadow_horizontal_length_tablet=\u00a0\u00bb0px\u00a0\u00bb quote_text_shadow_vertical_length=\u00a0\u00bbquote_text_shadow_style,%91object Object%93&Prime; quote_text_shadow_vertical_length_tablet=\u00a0\u00bb0px\u00a0\u00bb quote_text_shadow_blur_strength=\u00a0\u00bbquote_text_shadow_style,%91object Object%93&Prime; quote_text_shadow_blur_strength_tablet=\u00a0\u00bb1px\u00a0\u00bb header_text_shadow_horizontal_length=\u00a0\u00bbheader_text_shadow_style,%91object Object%93&Prime; header_text_shadow_horizontal_length_tablet=\u00a0\u00bb0px\u00a0\u00bb header_text_shadow_vertical_length=\u00a0\u00bbheader_text_shadow_style,%91object Object%93&Prime; header_text_shadow_vertical_length_tablet=\u00a0\u00bb0px\u00a0\u00bb header_text_shadow_blur_strength=\u00a0\u00bbheader_text_shadow_style,%91object Object%93&Prime; header_text_shadow_blur_strength_tablet=\u00a0\u00bb1px\u00a0\u00bb header_2_text_shadow_horizontal_length=\u00a0\u00bbheader_2_text_shadow_style,%91object Object%93&Prime; header_2_text_shadow_horizontal_length_tablet=\u00a0\u00bb0px\u00a0\u00bb header_2_text_shadow_vertical_length=\u00a0\u00bbheader_2_text_shadow_style,%91object Object%93&Prime; header_2_text_shadow_vertical_length_tablet=\u00a0\u00bb0px\u00a0\u00bb header_2_text_shadow_blur_strength=\u00a0\u00bbheader_2_text_shadow_style,%91object Object%93&Prime; header_2_text_shadow_blur_strength_tablet=\u00a0\u00bb1px\u00a0\u00bb header_3_text_shadow_horizontal_length=\u00a0\u00bbheader_3_text_shadow_style,%91object Object%93&Prime; header_3_text_shadow_horizontal_length_tablet=\u00a0\u00bb0px\u00a0\u00bb header_3_text_shadow_vertical_length=\u00a0\u00bbheader_3_text_shadow_style,%91object Object%93&Prime; header_3_text_shadow_vertical_length_tablet=\u00a0\u00bb0px\u00a0\u00bb header_3_text_shadow_blur_strength=\u00a0\u00bbheader_3_text_shadow_style,%91object Object%93&Prime; header_3_text_shadow_blur_strength_tablet=\u00a0\u00bb1px\u00a0\u00bb header_4_text_shadow_horizontal_length=\u00a0\u00bbheader_4_text_shadow_style,%91object Object%93&Prime; header_4_text_shadow_horizontal_length_tablet=\u00a0\u00bb0px\u00a0\u00bb header_4_text_shadow_vertical_length=\u00a0\u00bbheader_4_text_shadow_style,%91object Object%93&Prime; header_4_text_shadow_vertical_length_tablet=\u00a0\u00bb0px\u00a0\u00bb header_4_text_shadow_blur_strength=\u00a0\u00bbheader_4_text_shadow_style,%91object Object%93&Prime; header_4_text_shadow_blur_strength_tablet=\u00a0\u00bb1px\u00a0\u00bb header_5_text_shadow_horizontal_length=\u00a0\u00bbheader_5_text_shadow_style,%91object Object%93&Prime; header_5_text_shadow_horizontal_length_tablet=\u00a0\u00bb0px\u00a0\u00bb header_5_text_shadow_vertical_length=\u00a0\u00bbheader_5_text_shadow_style,%91object Object%93&Prime; header_5_text_shadow_vertical_length_tablet=\u00a0\u00bb0px\u00a0\u00bb header_5_text_shadow_blur_strength=\u00a0\u00bbheader_5_text_shadow_style,%91object Object%93&Prime; header_5_text_shadow_blur_strength_tablet=\u00a0\u00bb1px\u00a0\u00bb header_6_text_shadow_horizontal_length=\u00a0\u00bbheader_6_text_shadow_style,%91object Object%93&Prime; header_6_text_shadow_horizontal_length_tablet=\u00a0\u00bb0px\u00a0\u00bb header_6_text_shadow_vertical_length=\u00a0\u00bbheader_6_text_shadow_style,%91object Object%93&Prime; header_6_text_shadow_vertical_length_tablet=\u00a0\u00bb0px\u00a0\u00bb header_6_text_shadow_blur_strength=\u00a0\u00bbheader_6_text_shadow_style,%91object Object%93&Prime; header_6_text_shadow_blur_strength_tablet=\u00a0\u00bb1px\u00a0\u00bb box_shadow_horizontal_tablet=\u00a0\u00bb0px\u00a0\u00bb box_shadow_vertical_tablet=\u00a0\u00bb0px\u00a0\u00bb box_shadow_blur_tablet=\u00a0\u00bb40px\u00a0\u00bb box_shadow_spread_tablet=\u00a0\u00bb0px\u00a0\u00bb vertical_offset_tablet=\u00a0\u00bb0&Prime; horizontal_offset_tablet=\u00a0\u00bb0&Prime; z_index_tablet=\u00a0\u00bb0&Prime;]<\/p>\n<p>Miss France 2023, soleil, foule, tous les ingr\u00e9dients \u00e9taient r\u00e9unis pour une inauguration de la 69 -\u00e8me foire des Min\u00e9es r\u00e9ussie.<\/p>\n<p>D\u00e8s son apparition dans la prairie, on pressentait que Miss France 2023, Indira Ampiot, attirerait beaucoup de monde \u00e0 l\u2019inauguration de la 69 -\u00e8me foire des Min\u00e9es.<\/p>\n<p>D\u00e9j\u00e0 les nombreux messages demandant \u00e0 quelle heure elle serait l\u00e0, est-ce qu\u2019on pourrait faire des selfies avec elle, est-ce qu\u2019on pourrait avoir des autographes, etc. . . .laissaient entendre cet engouement. <img loading=\"lazy\" decoding=\"async\" class=\"alignleft wp-image-2298 size-large\" src=\"https:\/\/www.foire-des-minees.fr\/wp-content\/uploads\/2023\/09\/deambulation-1024x477.png\" alt=\"\" width=\"1024\" height=\"477\" srcset=\"https:\/\/www.foire-des-minees.fr\/wp-content\/uploads\/2023\/09\/deambulation-980x456.png 980w, https:\/\/www.foire-des-minees.fr\/wp-content\/uploads\/2023\/09\/deambulation-480x223.png 480w\" sizes=\"(min-width: 0px) and (max-width: 480px) 480px, (min-width: 481px) and (max-width: 980px) 980px, (min-width: 981px) 1024px, 100vw\" \/><\/p>\n<p>Cela ne s\u2019est pas d\u00e9menti, son sourire, sa gentillesse, sa simplicit\u00e9 et sa disponibilit\u00e9 l\u2019ont emport\u00e9 malgr\u00e9 une chaleur \u00e9crasante qui ne ressemble pas \u00e0 celle de la Guadeloupe.<\/p>\n<p>Cet engouement a bien servi aux exposants car beaucoup d\u2019entre eux ont d\u00e9j\u00e0 sign\u00e9 des bons de commande, ont pris \u00a0des rendez-vous !<\/p>\n<p>Que du positif malgr\u00e9 la chaleur et la course aux rafra\u00eechissements et coins d\u2019ombre. Les animations et p\u00f4les saveurs et agricole ont aussi drain\u00e9 leur public et acheteurs dans la prairie.<\/p>\n<p>Le comit\u00e9 de la Foire des Min\u00e9es ne\u00a0 peut que se f\u00e9liciter de cette invitation de Miss France 2023 car cela a \u00e9t\u00e9 une belle r\u00e9ussite.<\/p>\n<p><img loading=\"lazy\" decoding=\"async\" class=\"alignleft size-medium wp-image-2300\" src=\"https:\/\/www.foire-des-minees.fr\/wp-content\/uploads\/2023\/09\/groupe-Antillais-ACMA-Caraibes-300x140.png\" alt=\"\" width=\"300\" height=\"140\" \/><\/p>\n<p>\u00a0\u00a0\u00a0\u00a0\u00a0\u00a0\u00a0 <img loading=\"lazy\" decoding=\"async\" class=\"alignright size-medium wp-image-2301\" src=\"https:\/\/www.foire-des-minees.fr\/wp-content\/uploads\/2023\/09\/20230908_125537-300x140.jpg\" alt=\"\" width=\"300\" height=\"140\" \/><\/p>\n<p>\u00a0<\/p>\n<p>\u00a0<\/p>\n<p>\u00a0<\/p>\n<p>\u00a0<\/p>\n<p>[\/et_pb_text][\/et_pb_column][et_pb_column type=\u00a0\u00bb2_5&Prime; _builder_version=\u00a0\u00bb4.16&Prime; custom_padding=\u00a0\u00bb|||\u00a0\u00bb global_colors_info=\u00a0\u00bb{}\u00a0\u00bb custom_padding__hover=\u00a0\u00bb|||\u00a0\u00bb][et_pb_image src=\u00a0\u00bbhttps:\/\/www.foire-des-minees.fr\/wp-content\/uploads\/2023\/09\/plan-foire-2023.jpg\u00a0\u00bb title_text=\u00a0\u00bbAFF2023-foiredesminees\u00a0\u00bb _builder_version=\u00a0\u00bb4.21.0&Prime; _module_preset=\u00a0\u00bbdefault\u00a0\u00bb global_colors_info=\u00a0\u00bb{}\u00a0\u00bb background_pattern_color=\u00a0\u00bbrgba(0,0,0,0.2)\u00a0\u00bb background_mask_color=\u00a0\u00bb#ffffff\u00a0\u00bb box_shadow_horizontal_tablet=\u00a0\u00bb0px\u00a0\u00bb box_shadow_vertical_tablet=\u00a0\u00bb0px\u00a0\u00bb box_shadow_blur_tablet=\u00a0\u00bb40px\u00a0\u00bb box_shadow_spread_tablet=\u00a0\u00bb0px\u00a0\u00bb vertical_offset_tablet=\u00a0\u00bb0&Prime; horizontal_offset_tablet=\u00a0\u00bb0&Prime; z_index_tablet=\u00a0\u00bb0&Prime;]<\/p>\n<p>[\/et_pb_image][\/et_pb_column][\/et_pb_row][\/et_pb_section]<\/p>\n","protected":false},"excerpt":{"rendered":"<p>Miss France 2023, soleil, foule, tous les ingr\u00e9dients \u00e9taient r\u00e9unis pour une inauguration de la 69 -\u00e8me foire des Min\u00e9es r\u00e9ussie.D\u00e8s son apparition dans la prairie, on pressentait que Miss France 2023, Indira Ampiot, attirerait beaucoup de monde \u00e0 l\u2019inauguration de la 69 -\u00e8me foire des Min\u00e9es.D\u00e9j\u00e0 les nombreux messages demandant \u00e0 quelle heure elle [&hellip;]<\/p>\n","protected":false},"author":4,"featured_media":2297,"comment_status":"open","ping_status":"open","sticky":false,"template":"","format":"standard","meta":{"_et_pb_use_builder":"on","_et_pb_old_content":"<!-- wp:paragraph -->\r\n<p>Bienvenue sur WordPress. Ceci est votre premier article. Modifiez-le ou supprimez-le, puis commencez \u00e0 \u00e9crire\u00a0!<\/p>\r\n<!-- \/wp:paragraph -->","_et_gb_content_width":"","footnotes":""},"categories":[40],"tags":[],"class_list":["post-2249","post","type-post","status-publish","format-standard","has-post-thumbnail","hentry","category-actualites"],"yoast_head":"<!-- This site is optimized with the Yoast SEO plugin v26.9 - https:\/\/yoast.com\/product\/yoast-seo-wordpress\/ -->\n<title>Inauguration de la Foire des Min\u00e9es 2023 - Foire des Min\u00e9es<\/title>\n<meta name=\"robots\" content=\"index, follow, max-snippet:-1, max-image-preview:large, max-video-preview:-1\" \/>\n<link rel=\"canonical\" href=\"https:\/\/www.foire-des-minees.fr\/inauguration-de-la-foire-des-minees-2023\/\" \/>\n<meta property=\"og:locale\" content=\"fr_FR\" \/>\n<meta property=\"og:type\" content=\"article\" \/>\n<meta property=\"og:title\" content=\"Inauguration de la Foire des Min\u00e9es 2023 - Foire des Min\u00e9es\" \/>\n<meta property=\"og:description\" content=\"Miss France 2023, soleil, foule, tous les ingr\u00e9dients \u00e9taient r\u00e9unis pour une inauguration de la 69 -\u00e8me foire des Min\u00e9es r\u00e9ussie.D\u00e8s son apparition dans la prairie, on pressentait que Miss France 2023, Indira Ampiot, attirerait beaucoup de monde \u00e0 l\u2019inauguration de la 69 -\u00e8me foire des Min\u00e9es.D\u00e9j\u00e0 les nombreux messages demandant \u00e0 quelle heure elle [&hellip;]\" \/>\n<meta property=\"og:url\" content=\"https:\/\/www.foire-des-minees.fr\/inauguration-de-la-foire-des-minees-2023\/\" \/>\n<meta property=\"og:site_name\" content=\"Foire des Min\u00e9es\" \/>\n<meta property=\"article:publisher\" content=\"https:\/\/www.facebook.com\/FoireDesMinees\" \/>\n<meta property=\"article:published_time\" content=\"2023-09-08T21:01:49+00:00\" \/>\n<meta property=\"article:modified_time\" content=\"2023-09-10T05:57:36+00:00\" \/>\n<meta property=\"og:image\" content=\"https:\/\/www.foire-des-minees.fr\/wp-content\/uploads\/2023\/09\/Coupe-du-ruban-1024x477.png\" \/>\n\t<meta property=\"og:image:width\" content=\"1024\" \/>\n\t<meta property=\"og:image:height\" content=\"477\" \/>\n\t<meta property=\"og:image:type\" content=\"image\/png\" \/>\n<meta name=\"author\" content=\"Yvon Charronneau\" \/>\n<meta name=\"twitter:card\" content=\"summary_large_image\" \/>\n<meta name=\"twitter:label1\" content=\"\u00c9crit par\" \/>\n\t<meta name=\"twitter:data1\" content=\"Yvon Charronneau\" \/>\n\t<meta name=\"twitter:label2\" content=\"Dur\u00e9e de lecture estim\u00e9e\" \/>\n\t<meta name=\"twitter:data2\" content=\"3 minutes\" \/>\n<script type=\"application\/ld+json\" class=\"yoast-schema-graph\">{\"@context\":\"https:\/\/schema.org\",\"@graph\":[{\"@type\":\"Article\",\"@id\":\"https:\/\/www.foire-des-minees.fr\/inauguration-de-la-foire-des-minees-2023\/#article\",\"isPartOf\":{\"@id\":\"https:\/\/www.foire-des-minees.fr\/inauguration-de-la-foire-des-minees-2023\/\"},\"author\":{\"name\":\"Yvon Charronneau\",\"@id\":\"https:\/\/www.foire-des-minees.fr\/#\/schema\/person\/cfc4d88310288a888256ee19dee5cc97\"},\"headline\":\"Inauguration de la Foire des Min\u00e9es 2023\",\"datePublished\":\"2023-09-08T21:01:49+00:00\",\"dateModified\":\"2023-09-10T05:57:36+00:00\",\"mainEntityOfPage\":{\"@id\":\"https:\/\/www.foire-des-minees.fr\/inauguration-de-la-foire-des-minees-2023\/\"},\"wordCount\":1003,\"commentCount\":1,\"image\":{\"@id\":\"https:\/\/www.foire-des-minees.fr\/inauguration-de-la-foire-des-minees-2023\/#primaryimage\"},\"thumbnailUrl\":\"https:\/\/www.foire-des-minees.fr\/wp-content\/uploads\/2023\/09\/Coupe-du-ruban.png\",\"articleSection\":[\"Actualit\u00e9s\"],\"inLanguage\":\"fr-FR\",\"potentialAction\":[{\"@type\":\"CommentAction\",\"name\":\"Comment\",\"target\":[\"https:\/\/www.foire-des-minees.fr\/inauguration-de-la-foire-des-minees-2023\/#respond\"]}]},{\"@type\":\"WebPage\",\"@id\":\"https:\/\/www.foire-des-minees.fr\/inauguration-de-la-foire-des-minees-2023\/\",\"url\":\"https:\/\/www.foire-des-minees.fr\/inauguration-de-la-foire-des-minees-2023\/\",\"name\":\"Inauguration de la Foire des Min\u00e9es 2023 - Foire des Min\u00e9es\",\"isPartOf\":{\"@id\":\"https:\/\/www.foire-des-minees.fr\/#website\"},\"primaryImageOfPage\":{\"@id\":\"https:\/\/www.foire-des-minees.fr\/inauguration-de-la-foire-des-minees-2023\/#primaryimage\"},\"image\":{\"@id\":\"https:\/\/www.foire-des-minees.fr\/inauguration-de-la-foire-des-minees-2023\/#primaryimage\"},\"thumbnailUrl\":\"https:\/\/www.foire-des-minees.fr\/wp-content\/uploads\/2023\/09\/Coupe-du-ruban.png\",\"datePublished\":\"2023-09-08T21:01:49+00:00\",\"dateModified\":\"2023-09-10T05:57:36+00:00\",\"author\":{\"@id\":\"https:\/\/www.foire-des-minees.fr\/#\/schema\/person\/cfc4d88310288a888256ee19dee5cc97\"},\"inLanguage\":\"fr-FR\",\"potentialAction\":[{\"@type\":\"ReadAction\",\"target\":[\"https:\/\/www.foire-des-minees.fr\/inauguration-de-la-foire-des-minees-2023\/\"]}]},{\"@type\":\"ImageObject\",\"inLanguage\":\"fr-FR\",\"@id\":\"https:\/\/www.foire-des-minees.fr\/inauguration-de-la-foire-des-minees-2023\/#primaryimage\",\"url\":\"https:\/\/www.foire-des-minees.fr\/wp-content\/uploads\/2023\/09\/Coupe-du-ruban.png\",\"contentUrl\":\"https:\/\/www.foire-des-minees.fr\/wp-content\/uploads\/2023\/09\/Coupe-du-ruban.png\",\"width\":2320,\"height\":1080},{\"@type\":\"WebSite\",\"@id\":\"https:\/\/www.foire-des-minees.fr\/#website\",\"url\":\"https:\/\/www.foire-des-minees.fr\/\",\"name\":\"Foire des Min\u00e9es\",\"description\":\"Foire Vend\u00e9e, foire commerciale vend\u00e9enne, pr\u00e9sentation de la foire commerciale du Nord-Ouest Vend\u00e9en : Foire des Min\u00e9es\",\"potentialAction\":[{\"@type\":\"SearchAction\",\"target\":{\"@type\":\"EntryPoint\",\"urlTemplate\":\"https:\/\/www.foire-des-minees.fr\/?s={search_term_string}\"},\"query-input\":{\"@type\":\"PropertyValueSpecification\",\"valueRequired\":true,\"valueName\":\"search_term_string\"}}],\"inLanguage\":\"fr-FR\"},{\"@type\":\"Person\",\"@id\":\"https:\/\/www.foire-des-minees.fr\/#\/schema\/person\/cfc4d88310288a888256ee19dee5cc97\",\"name\":\"Yvon Charronneau\",\"url\":\"https:\/\/www.foire-des-minees.fr\/author\/yvoncharronneau\/\"}]}<\/script>\n<!-- \/ Yoast SEO plugin. -->","yoast_head_json":{"title":"Inauguration de la Foire des Min\u00e9es 2023 - Foire des Min\u00e9es","robots":{"index":"index","follow":"follow","max-snippet":"max-snippet:-1","max-image-preview":"max-image-preview:large","max-video-preview":"max-video-preview:-1"},"canonical":"https:\/\/www.foire-des-minees.fr\/inauguration-de-la-foire-des-minees-2023\/","og_locale":"fr_FR","og_type":"article","og_title":"Inauguration de la Foire des Min\u00e9es 2023 - Foire des Min\u00e9es","og_description":"Miss France 2023, soleil, foule, tous les ingr\u00e9dients \u00e9taient r\u00e9unis pour une inauguration de la 69 -\u00e8me foire des Min\u00e9es r\u00e9ussie.D\u00e8s son apparition dans la prairie, on pressentait que Miss France 2023, Indira Ampiot, attirerait beaucoup de monde \u00e0 l\u2019inauguration de la 69 -\u00e8me foire des Min\u00e9es.D\u00e9j\u00e0 les nombreux messages demandant \u00e0 quelle heure elle [&hellip;]","og_url":"https:\/\/www.foire-des-minees.fr\/inauguration-de-la-foire-des-minees-2023\/","og_site_name":"Foire des Min\u00e9es","article_publisher":"https:\/\/www.facebook.com\/FoireDesMinees","article_published_time":"2023-09-08T21:01:49+00:00","article_modified_time":"2023-09-10T05:57:36+00:00","og_image":[{"width":1024,"height":477,"url":"https:\/\/www.foire-des-minees.fr\/wp-content\/uploads\/2023\/09\/Coupe-du-ruban-1024x477.png","type":"image\/png"}],"author":"Yvon Charronneau","twitter_card":"summary_large_image","twitter_misc":{"\u00c9crit par":"Yvon Charronneau","Dur\u00e9e de lecture estim\u00e9e":"3 minutes"},"schema":{"@context":"https:\/\/schema.org","@graph":[{"@type":"Article","@id":"https:\/\/www.foire-des-minees.fr\/inauguration-de-la-foire-des-minees-2023\/#article","isPartOf":{"@id":"https:\/\/www.foire-des-minees.fr\/inauguration-de-la-foire-des-minees-2023\/"},"author":{"name":"Yvon Charronneau","@id":"https:\/\/www.foire-des-minees.fr\/#\/schema\/person\/cfc4d88310288a888256ee19dee5cc97"},"headline":"Inauguration de la Foire des Min\u00e9es 2023","datePublished":"2023-09-08T21:01:49+00:00","dateModified":"2023-09-10T05:57:36+00:00","mainEntityOfPage":{"@id":"https:\/\/www.foire-des-minees.fr\/inauguration-de-la-foire-des-minees-2023\/"},"wordCount":1003,"commentCount":1,"image":{"@id":"https:\/\/www.foire-des-minees.fr\/inauguration-de-la-foire-des-minees-2023\/#primaryimage"},"thumbnailUrl":"https:\/\/www.foire-des-minees.fr\/wp-content\/uploads\/2023\/09\/Coupe-du-ruban.png","articleSection":["Actualit\u00e9s"],"inLanguage":"fr-FR","potentialAction":[{"@type":"CommentAction","name":"Comment","target":["https:\/\/www.foire-des-minees.fr\/inauguration-de-la-foire-des-minees-2023\/#respond"]}]},{"@type":"WebPage","@id":"https:\/\/www.foire-des-minees.fr\/inauguration-de-la-foire-des-minees-2023\/","url":"https:\/\/www.foire-des-minees.fr\/inauguration-de-la-foire-des-minees-2023\/","name":"Inauguration de la Foire des Min\u00e9es 2023 - Foire des Min\u00e9es","isPartOf":{"@id":"https:\/\/www.foire-des-minees.fr\/#website"},"primaryImageOfPage":{"@id":"https:\/\/www.foire-des-minees.fr\/inauguration-de-la-foire-des-minees-2023\/#primaryimage"},"image":{"@id":"https:\/\/www.foire-des-minees.fr\/inauguration-de-la-foire-des-minees-2023\/#primaryimage"},"thumbnailUrl":"https:\/\/www.foire-des-minees.fr\/wp-content\/uploads\/2023\/09\/Coupe-du-ruban.png","datePublished":"2023-09-08T21:01:49+00:00","dateModified":"2023-09-10T05:57:36+00:00","author":{"@id":"https:\/\/www.foire-des-minees.fr\/#\/schema\/person\/cfc4d88310288a888256ee19dee5cc97"},"inLanguage":"fr-FR","potentialAction":[{"@type":"ReadAction","target":["https:\/\/www.foire-des-minees.fr\/inauguration-de-la-foire-des-minees-2023\/"]}]},{"@type":"ImageObject","inLanguage":"fr-FR","@id":"https:\/\/www.foire-des-minees.fr\/inauguration-de-la-foire-des-minees-2023\/#primaryimage","url":"https:\/\/www.foire-des-minees.fr\/wp-content\/uploads\/2023\/09\/Coupe-du-ruban.png","contentUrl":"https:\/\/www.foire-des-minees.fr\/wp-content\/uploads\/2023\/09\/Coupe-du-ruban.png","width":2320,"height":1080},{"@type":"WebSite","@id":"https:\/\/www.foire-des-minees.fr\/#website","url":"https:\/\/www.foire-des-minees.fr\/","name":"Foire des Min\u00e9es","description":"Foire Vend\u00e9e, foire commerciale vend\u00e9enne, pr\u00e9sentation de la foire commerciale du Nord-Ouest Vend\u00e9en : Foire des Min\u00e9es","potentialAction":[{"@type":"SearchAction","target":{"@type":"EntryPoint","urlTemplate":"https:\/\/www.foire-des-minees.fr\/?s={search_term_string}"},"query-input":{"@type":"PropertyValueSpecification","valueRequired":true,"valueName":"search_term_string"}}],"inLanguage":"fr-FR"},{"@type":"Person","@id":"https:\/\/www.foire-des-minees.fr\/#\/schema\/person\/cfc4d88310288a888256ee19dee5cc97","name":"Yvon Charronneau","url":"https:\/\/www.foire-des-minees.fr\/author\/yvoncharronneau\/"}]}},"_links":{"self":[{"href":"https:\/\/www.foire-des-minees.fr\/api\/wp\/v2\/posts\/2249","targetHints":{"allow":["GET"]}}],"collection":[{"href":"https:\/\/www.foire-des-minees.fr\/api\/wp\/v2\/posts"}],"about":[{"href":"https:\/\/www.foire-des-minees.fr\/api\/wp\/v2\/types\/post"}],"author":[{"embeddable":true,"href":"https:\/\/www.foire-des-minees.fr\/api\/wp\/v2\/users\/4"}],"replies":[{"embeddable":true,"href":"https:\/\/www.foire-des-minees.fr\/api\/wp\/v2\/comments?post=2249"}],"version-history":[{"count":9,"href":"https:\/\/www.foire-des-minees.fr\/api\/wp\/v2\/posts\/2249\/revisions"}],"predecessor-version":[{"id":2956,"href":"https:\/\/www.foire-des-minees.fr\/api\/wp\/v2\/posts\/2249\/revisions\/2956"}],"wp:featuredmedia":[{"embeddable":true,"href":"https:\/\/www.foire-des-minees.fr\/api\/wp\/v2\/media\/2297"}],"wp:attachment":[{"href":"https:\/\/www.foire-des-minees.fr\/api\/wp\/v2\/media?parent=2249"}],"wp:term":[{"taxonomy":"category","embeddable":true,"href":"https:\/\/www.foire-des-minees.fr\/api\/wp\/v2\/categories?post=2249"},{"taxonomy":"post_tag","embeddable":true,"href":"https:\/\/www.foire-des-minees.fr\/api\/wp\/v2\/tags?post=2249"}],"curies":[{"name":"wp","href":"https:\/\/api.w.org\/{rel}","templated":true}]}}