{"id":3559,"date":"2025-12-16T11:28:28","date_gmt":"2025-12-16T10:28:28","guid":{"rendered":"https:\/\/www.foire-des-minees.fr\/?p=3559"},"modified":"2025-12-16T17:17:54","modified_gmt":"2025-12-16T16:17:54","slug":"voeux-2026","status":"publish","type":"post","link":"https:\/\/www.foire-des-minees.fr\/voeux-2026\/","title":{"rendered":"Voeux 2026"},"content":{"rendered":"<p>[et_pb_section bb_built=\u00a0\u00bb1&Prime; _builder_version=\u00a0\u00bb4.16&Prime; global_colors_info=\u00a0\u00bb{}\u00a0\u00bb theme_builder_area=\u00a0\u00bbpost_content\u00a0\u00bb][et_pb_row column_structure=\u00a0\u00bb2_3,1_3&Prime; _builder_version=\u00a0\u00bb4.16&Prime; background_size=\u00a0\u00bbinitial\u00a0\u00bb background_position=\u00a0\u00bbtop_left\u00a0\u00bb background_repeat=\u00a0\u00bbrepeat\u00a0\u00bb global_colors_info=\u00a0\u00bb{}\u00a0\u00bb theme_builder_area=\u00a0\u00bbpost_content\u00a0\u00bb][et_pb_column type=\u00a0\u00bb2_3&Prime; _builder_version=\u00a0\u00bb4.16&Prime; custom_padding=\u00a0\u00bb|||\u00a0\u00bb global_colors_info=\u00a0\u00bb{}\u00a0\u00bb custom_padding__hover=\u00a0\u00bb|||\u00a0\u00bb theme_builder_area=\u00a0\u00bbpost_content\u00a0\u00bb][et_pb_text _builder_version=\u00a0\u00bb4.27.4&Prime; background_size=\u00a0\u00bbinitial\u00a0\u00bb background_position=\u00a0\u00bbtop_left\u00a0\u00bb background_repeat=\u00a0\u00bbrepeat\u00a0\u00bb hover_enabled=\u00a0\u00bb0&Prime; global_colors_info=\u00a0\u00bb{}\u00a0\u00bb theme_builder_area=\u00a0\u00bbpost_content\u00a0\u00bb sticky_enabled=\u00a0\u00bb0&Prime; background_pattern_color=\u00a0\u00bbrgba(0,0,0,0.2)\u00a0\u00bb background_mask_color=\u00a0\u00bb#ffffff\u00a0\u00bb text_text_shadow_horizontal_length=\u00a0\u00bbtext_text_shadow_style,%91object Object%93&Prime; text_text_shadow_horizontal_length_tablet=\u00a0\u00bb0px\u00a0\u00bb text_text_shadow_vertical_length=\u00a0\u00bbtext_text_shadow_style,%91object Object%93&Prime; text_text_shadow_vertical_length_tablet=\u00a0\u00bb0px\u00a0\u00bb text_text_shadow_blur_strength=\u00a0\u00bbtext_text_shadow_style,%91object Object%93&Prime; text_text_shadow_blur_strength_tablet=\u00a0\u00bb1px\u00a0\u00bb link_text_shadow_horizontal_length=\u00a0\u00bblink_text_shadow_style,%91object Object%93&Prime; link_text_shadow_horizontal_length_tablet=\u00a0\u00bb0px\u00a0\u00bb link_text_shadow_vertical_length=\u00a0\u00bblink_text_shadow_style,%91object Object%93&Prime; link_text_shadow_vertical_length_tablet=\u00a0\u00bb0px\u00a0\u00bb link_text_shadow_blur_strength=\u00a0\u00bblink_text_shadow_style,%91object Object%93&Prime; link_text_shadow_blur_strength_tablet=\u00a0\u00bb1px\u00a0\u00bb ul_text_shadow_horizontal_length=\u00a0\u00bbul_text_shadow_style,%91object Object%93&Prime; ul_text_shadow_horizontal_length_tablet=\u00a0\u00bb0px\u00a0\u00bb ul_text_shadow_vertical_length=\u00a0\u00bbul_text_shadow_style,%91object Object%93&Prime; ul_text_shadow_vertical_length_tablet=\u00a0\u00bb0px\u00a0\u00bb ul_text_shadow_blur_strength=\u00a0\u00bbul_text_shadow_style,%91object Object%93&Prime; ul_text_shadow_blur_strength_tablet=\u00a0\u00bb1px\u00a0\u00bb ol_text_shadow_horizontal_length=\u00a0\u00bbol_text_shadow_style,%91object Object%93&Prime; ol_text_shadow_horizontal_length_tablet=\u00a0\u00bb0px\u00a0\u00bb ol_text_shadow_vertical_length=\u00a0\u00bbol_text_shadow_style,%91object Object%93&Prime; ol_text_shadow_vertical_length_tablet=\u00a0\u00bb0px\u00a0\u00bb ol_text_shadow_blur_strength=\u00a0\u00bbol_text_shadow_style,%91object Object%93&Prime; ol_text_shadow_blur_strength_tablet=\u00a0\u00bb1px\u00a0\u00bb quote_text_shadow_horizontal_length=\u00a0\u00bbquote_text_shadow_style,%91object Object%93&Prime; quote_text_shadow_horizontal_length_tablet=\u00a0\u00bb0px\u00a0\u00bb quote_text_shadow_vertical_length=\u00a0\u00bbquote_text_shadow_style,%91object Object%93&Prime; quote_text_shadow_vertical_length_tablet=\u00a0\u00bb0px\u00a0\u00bb quote_text_shadow_blur_strength=\u00a0\u00bbquote_text_shadow_style,%91object Object%93&Prime; quote_text_shadow_blur_strength_tablet=\u00a0\u00bb1px\u00a0\u00bb header_text_shadow_horizontal_length=\u00a0\u00bbheader_text_shadow_style,%91object Object%93&Prime; header_text_shadow_horizontal_length_tablet=\u00a0\u00bb0px\u00a0\u00bb header_text_shadow_vertical_length=\u00a0\u00bbheader_text_shadow_style,%91object Object%93&Prime; header_text_shadow_vertical_length_tablet=\u00a0\u00bb0px\u00a0\u00bb header_text_shadow_blur_strength=\u00a0\u00bbheader_text_shadow_style,%91object Object%93&Prime; header_text_shadow_blur_strength_tablet=\u00a0\u00bb1px\u00a0\u00bb header_2_text_shadow_horizontal_length=\u00a0\u00bbheader_2_text_shadow_style,%91object Object%93&Prime; header_2_text_shadow_horizontal_length_tablet=\u00a0\u00bb0px\u00a0\u00bb header_2_text_shadow_vertical_length=\u00a0\u00bbheader_2_text_shadow_style,%91object Object%93&Prime; header_2_text_shadow_vertical_length_tablet=\u00a0\u00bb0px\u00a0\u00bb header_2_text_shadow_blur_strength=\u00a0\u00bbheader_2_text_shadow_style,%91object Object%93&Prime; header_2_text_shadow_blur_strength_tablet=\u00a0\u00bb1px\u00a0\u00bb header_3_text_shadow_horizontal_length=\u00a0\u00bbheader_3_text_shadow_style,%91object Object%93&Prime; header_3_text_shadow_horizontal_length_tablet=\u00a0\u00bb0px\u00a0\u00bb header_3_text_shadow_vertical_length=\u00a0\u00bbheader_3_text_shadow_style,%91object Object%93&Prime; header_3_text_shadow_vertical_length_tablet=\u00a0\u00bb0px\u00a0\u00bb header_3_text_shadow_blur_strength=\u00a0\u00bbheader_3_text_shadow_style,%91object Object%93&Prime; header_3_text_shadow_blur_strength_tablet=\u00a0\u00bb1px\u00a0\u00bb header_4_text_shadow_horizontal_length=\u00a0\u00bbheader_4_text_shadow_style,%91object Object%93&Prime; header_4_text_shadow_horizontal_length_tablet=\u00a0\u00bb0px\u00a0\u00bb header_4_text_shadow_vertical_length=\u00a0\u00bbheader_4_text_shadow_style,%91object Object%93&Prime; header_4_text_shadow_vertical_length_tablet=\u00a0\u00bb0px\u00a0\u00bb header_4_text_shadow_blur_strength=\u00a0\u00bbheader_4_text_shadow_style,%91object Object%93&Prime; header_4_text_shadow_blur_strength_tablet=\u00a0\u00bb1px\u00a0\u00bb header_5_text_shadow_horizontal_length=\u00a0\u00bbheader_5_text_shadow_style,%91object Object%93&Prime; header_5_text_shadow_horizontal_length_tablet=\u00a0\u00bb0px\u00a0\u00bb header_5_text_shadow_vertical_length=\u00a0\u00bbheader_5_text_shadow_style,%91object Object%93&Prime; header_5_text_shadow_vertical_length_tablet=\u00a0\u00bb0px\u00a0\u00bb header_5_text_shadow_blur_strength=\u00a0\u00bbheader_5_text_shadow_style,%91object Object%93&Prime; header_5_text_shadow_blur_strength_tablet=\u00a0\u00bb1px\u00a0\u00bb header_6_text_shadow_horizontal_length=\u00a0\u00bbheader_6_text_shadow_style,%91object Object%93&Prime; header_6_text_shadow_horizontal_length_tablet=\u00a0\u00bb0px\u00a0\u00bb header_6_text_shadow_vertical_length=\u00a0\u00bbheader_6_text_shadow_style,%91object Object%93&Prime; header_6_text_shadow_vertical_length_tablet=\u00a0\u00bb0px\u00a0\u00bb header_6_text_shadow_blur_strength=\u00a0\u00bbheader_6_text_shadow_style,%91object Object%93&Prime; header_6_text_shadow_blur_strength_tablet=\u00a0\u00bb1px\u00a0\u00bb box_shadow_horizontal_tablet=\u00a0\u00bb0px\u00a0\u00bb box_shadow_vertical_tablet=\u00a0\u00bb0px\u00a0\u00bb box_shadow_blur_tablet=\u00a0\u00bb40px\u00a0\u00bb box_shadow_spread_tablet=\u00a0\u00bb0px\u00a0\u00bb vertical_offset_tablet=\u00a0\u00bb0&Prime; horizontal_offset_tablet=\u00a0\u00bb0&Prime; z_index_tablet=\u00a0\u00bb0&Prime;]<\/p>\n<p><img loading=\"lazy\" decoding=\"async\" class=\"alignnone size-full wp-image-3560\" src=\"https:\/\/www.foire-des-minees.fr\/wp-content\/uploads\/2025\/12\/FOIRE-2026-carte-voeux_petite.jpg\" alt=\"\" width=\"1240\" height=\"584\" srcset=\"https:\/\/www.foire-des-minees.fr\/wp-content\/uploads\/2025\/12\/FOIRE-2026-carte-voeux_petite.jpg 1240w, https:\/\/www.foire-des-minees.fr\/wp-content\/uploads\/2025\/12\/FOIRE-2026-carte-voeux_petite-980x462.jpg 980w, https:\/\/www.foire-des-minees.fr\/wp-content\/uploads\/2025\/12\/FOIRE-2026-carte-voeux_petite-480x226.jpg 480w\" sizes=\"(min-width: 0px) and (max-width: 480px) 480px, (min-width: 481px) and (max-width: 980px) 980px, (min-width: 981px) 1240px, 100vw\" \/><\/p>\n<p style=\"text-align: center;\">Les Co-Pr\u00e9sidents et les Membres du comit\u00e9\u00a0<\/p>\n<p style=\"text-align: center;\">vous pr\u00e9sentent leurs meilleurs v\u0153ux\u00a0<\/p>\n<p style=\"text-align: center;\">pour cette nouvelle ann\u00e9e et vous donnent rendez-vous\u00a0<\/p>\n<p style=\"text-align: center;\">les 4, 5, 6, 7 et 8 septembre 2026.<\/p>\n<p>\u00a0<\/p>\n<p>[\/et_pb_text][\/et_pb_column][et_pb_column type=\u00a0\u00bb1_3&Prime; _builder_version=\u00a0\u00bb4.16&Prime; custom_padding=\u00a0\u00bb|||\u00a0\u00bb global_colors_info=\u00a0\u00bb{}\u00a0\u00bb custom_padding__hover=\u00a0\u00bb|||\u00a0\u00bb theme_builder_area=\u00a0\u00bbpost_content\u00a0\u00bb][et_pb_image alt=\u00a0\u00bb2023&Prime; title_text=\u00a0\u00bbthumbnail_Photo Que Te Den Flamenco\u00a0\u00bb _builder_version=\u00a0\u00bb4.27.4&Prime; _module_preset=\u00a0\u00bbdefault\u00a0\u00bb global_colors_info=\u00a0\u00bb{}\u00a0\u00bb theme_builder_area=\u00a0\u00bbpost_content\u00a0\u00bb background_pattern_color=\u00a0\u00bbrgba(0,0,0,0.2)\u00a0\u00bb background_mask_color=\u00a0\u00bb#ffffff\u00a0\u00bb box_shadow_horizontal_tablet=\u00a0\u00bb0px\u00a0\u00bb box_shadow_vertical_tablet=\u00a0\u00bb0px\u00a0\u00bb box_shadow_blur_tablet=\u00a0\u00bb40px\u00a0\u00bb box_shadow_spread_tablet=\u00a0\u00bb0px\u00a0\u00bb vertical_offset_tablet=\u00a0\u00bb0&Prime; horizontal_offset_tablet=\u00a0\u00bb0&Prime; z_index_tablet=\u00a0\u00bb0&Prime; \/][\/et_pb_column][\/et_pb_row][\/et_pb_section]<\/p>\n","protected":false},"excerpt":{"rendered":"<p>Les Co-Pr\u00e9sidents et les Membres du comit\u00e9\u00a0vous pr\u00e9sentent leurs meilleurs v\u0153ux\u00a0pour cette nouvelle ann\u00e9e et vous donnent rendez-vous\u00a0les 4, 5, 6, 7 et 8 septembre 2026.\u00a0<\/p>\n","protected":false},"author":2,"featured_media":3562,"comment_status":"closed","ping_status":"closed","sticky":false,"template":"","format":"standard","meta":{"_et_pb_use_builder":"on","_et_pb_old_content":"","_et_gb_content_width":"","footnotes":""},"categories":[1],"tags":[],"class_list":["post-3559","post","type-post","status-publish","format-standard","has-post-thumbnail","hentry","category-non-classe"],"yoast_head":"<!-- This site is optimized with the Yoast SEO plugin v26.9 - https:\/\/yoast.com\/product\/yoast-seo-wordpress\/ -->\n<title>Voeux 2026 - Foire des Min\u00e9es<\/title>\n<meta name=\"robots\" content=\"index, follow, max-snippet:-1, max-image-preview:large, max-video-preview:-1\" \/>\n<link rel=\"canonical\" href=\"https:\/\/www.foire-des-minees.fr\/voeux-2026\/\" \/>\n<meta property=\"og:locale\" content=\"fr_FR\" \/>\n<meta property=\"og:type\" content=\"article\" \/>\n<meta property=\"og:title\" content=\"Voeux 2026 - Foire des Min\u00e9es\" \/>\n<meta property=\"og:description\" content=\"Les Co-Pr\u00e9sidents et les Membres du comit\u00e9\u00a0vous pr\u00e9sentent leurs meilleurs v\u0153ux\u00a0pour cette nouvelle ann\u00e9e et vous donnent rendez-vous\u00a0les 4, 5, 6, 7 et 8 septembre 2026.\u00a0\" \/>\n<meta property=\"og:url\" content=\"https:\/\/www.foire-des-minees.fr\/voeux-2026\/\" \/>\n<meta property=\"og:site_name\" content=\"Foire des Min\u00e9es\" \/>\n<meta property=\"article:publisher\" content=\"https:\/\/www.facebook.com\/FoireDesMinees\" \/>\n<meta property=\"article:published_time\" content=\"2025-12-16T10:28:28+00:00\" \/>\n<meta property=\"article:modified_time\" content=\"2025-12-16T16:17:54+00:00\" \/>\n<meta property=\"og:image\" content=\"https:\/\/www.foire-des-minees.fr\/wp-content\/uploads\/2025\/12\/Voeux2026_sans-affiche.jpg\" \/>\n\t<meta property=\"og:image:width\" content=\"830\" \/>\n\t<meta property=\"og:image:height\" content=\"584\" \/>\n\t<meta property=\"og:image:type\" content=\"image\/jpeg\" \/>\n<meta name=\"author\" content=\"Adeline\" \/>\n<meta name=\"twitter:card\" content=\"summary_large_image\" \/>\n<meta name=\"twitter:label1\" content=\"\u00c9crit par\" \/>\n\t<meta name=\"twitter:data1\" content=\"Adeline\" \/>\n\t<meta name=\"twitter:label2\" content=\"Dur\u00e9e de lecture estim\u00e9e\" \/>\n\t<meta name=\"twitter:data2\" content=\"1 minute\" \/>\n<script type=\"application\/ld+json\" class=\"yoast-schema-graph\">{\"@context\":\"https:\/\/schema.org\",\"@graph\":[{\"@type\":\"Article\",\"@id\":\"https:\/\/www.foire-des-minees.fr\/voeux-2026\/#article\",\"isPartOf\":{\"@id\":\"https:\/\/www.foire-des-minees.fr\/voeux-2026\/\"},\"author\":{\"name\":\"Adeline\",\"@id\":\"https:\/\/www.foire-des-minees.fr\/#\/schema\/person\/ba4137f36ebe14ee5544ee44dba3c2f8\"},\"headline\":\"Voeux 2026\",\"datePublished\":\"2025-12-16T10:28:28+00:00\",\"dateModified\":\"2025-12-16T16:17:54+00:00\",\"mainEntityOfPage\":{\"@id\":\"https:\/\/www.foire-des-minees.fr\/voeux-2026\/\"},\"wordCount\":841,\"image\":{\"@id\":\"https:\/\/www.foire-des-minees.fr\/voeux-2026\/#primaryimage\"},\"thumbnailUrl\":\"https:\/\/www.foire-des-minees.fr\/wp-content\/uploads\/2025\/12\/Voeux2026_sans-affiche.jpg\",\"inLanguage\":\"fr-FR\"},{\"@type\":\"WebPage\",\"@id\":\"https:\/\/www.foire-des-minees.fr\/voeux-2026\/\",\"url\":\"https:\/\/www.foire-des-minees.fr\/voeux-2026\/\",\"name\":\"Voeux 2026 - Foire des Min\u00e9es\",\"isPartOf\":{\"@id\":\"https:\/\/www.foire-des-minees.fr\/#website\"},\"primaryImageOfPage\":{\"@id\":\"https:\/\/www.foire-des-minees.fr\/voeux-2026\/#primaryimage\"},\"image\":{\"@id\":\"https:\/\/www.foire-des-minees.fr\/voeux-2026\/#primaryimage\"},\"thumbnailUrl\":\"https:\/\/www.foire-des-minees.fr\/wp-content\/uploads\/2025\/12\/Voeux2026_sans-affiche.jpg\",\"datePublished\":\"2025-12-16T10:28:28+00:00\",\"dateModified\":\"2025-12-16T16:17:54+00:00\",\"author\":{\"@id\":\"https:\/\/www.foire-des-minees.fr\/#\/schema\/person\/ba4137f36ebe14ee5544ee44dba3c2f8\"},\"inLanguage\":\"fr-FR\",\"potentialAction\":[{\"@type\":\"ReadAction\",\"target\":[\"https:\/\/www.foire-des-minees.fr\/voeux-2026\/\"]}]},{\"@type\":\"ImageObject\",\"inLanguage\":\"fr-FR\",\"@id\":\"https:\/\/www.foire-des-minees.fr\/voeux-2026\/#primaryimage\",\"url\":\"https:\/\/www.foire-des-minees.fr\/wp-content\/uploads\/2025\/12\/Voeux2026_sans-affiche.jpg\",\"contentUrl\":\"https:\/\/www.foire-des-minees.fr\/wp-content\/uploads\/2025\/12\/Voeux2026_sans-affiche.jpg\",\"width\":830,\"height\":584},{\"@type\":\"WebSite\",\"@id\":\"https:\/\/www.foire-des-minees.fr\/#website\",\"url\":\"https:\/\/www.foire-des-minees.fr\/\",\"name\":\"Foire des Min\u00e9es\",\"description\":\"Foire Vend\u00e9e, foire commerciale vend\u00e9enne, pr\u00e9sentation de la foire commerciale du Nord-Ouest Vend\u00e9en : Foire des Min\u00e9es\",\"potentialAction\":[{\"@type\":\"SearchAction\",\"target\":{\"@type\":\"EntryPoint\",\"urlTemplate\":\"https:\/\/www.foire-des-minees.fr\/?s={search_term_string}\"},\"query-input\":{\"@type\":\"PropertyValueSpecification\",\"valueRequired\":true,\"valueName\":\"search_term_string\"}}],\"inLanguage\":\"fr-FR\"},{\"@type\":\"Person\",\"@id\":\"https:\/\/www.foire-des-minees.fr\/#\/schema\/person\/ba4137f36ebe14ee5544ee44dba3c2f8\",\"name\":\"Adeline\",\"url\":\"https:\/\/www.foire-des-minees.fr\/author\/editeur-foire-des-minees\/\"}]}<\/script>\n<!-- \/ Yoast SEO plugin. -->","yoast_head_json":{"title":"Voeux 2026 - Foire des Min\u00e9es","robots":{"index":"index","follow":"follow","max-snippet":"max-snippet:-1","max-image-preview":"max-image-preview:large","max-video-preview":"max-video-preview:-1"},"canonical":"https:\/\/www.foire-des-minees.fr\/voeux-2026\/","og_locale":"fr_FR","og_type":"article","og_title":"Voeux 2026 - Foire des Min\u00e9es","og_description":"Les Co-Pr\u00e9sidents et les Membres du comit\u00e9\u00a0vous pr\u00e9sentent leurs meilleurs v\u0153ux\u00a0pour cette nouvelle ann\u00e9e et vous donnent rendez-vous\u00a0les 4, 5, 6, 7 et 8 septembre 2026.\u00a0","og_url":"https:\/\/www.foire-des-minees.fr\/voeux-2026\/","og_site_name":"Foire des Min\u00e9es","article_publisher":"https:\/\/www.facebook.com\/FoireDesMinees","article_published_time":"2025-12-16T10:28:28+00:00","article_modified_time":"2025-12-16T16:17:54+00:00","og_image":[{"width":830,"height":584,"url":"https:\/\/www.foire-des-minees.fr\/wp-content\/uploads\/2025\/12\/Voeux2026_sans-affiche.jpg","type":"image\/jpeg"}],"author":"Adeline","twitter_card":"summary_large_image","twitter_misc":{"\u00c9crit par":"Adeline","Dur\u00e9e de lecture estim\u00e9e":"1 minute"},"schema":{"@context":"https:\/\/schema.org","@graph":[{"@type":"Article","@id":"https:\/\/www.foire-des-minees.fr\/voeux-2026\/#article","isPartOf":{"@id":"https:\/\/www.foire-des-minees.fr\/voeux-2026\/"},"author":{"name":"Adeline","@id":"https:\/\/www.foire-des-minees.fr\/#\/schema\/person\/ba4137f36ebe14ee5544ee44dba3c2f8"},"headline":"Voeux 2026","datePublished":"2025-12-16T10:28:28+00:00","dateModified":"2025-12-16T16:17:54+00:00","mainEntityOfPage":{"@id":"https:\/\/www.foire-des-minees.fr\/voeux-2026\/"},"wordCount":841,"image":{"@id":"https:\/\/www.foire-des-minees.fr\/voeux-2026\/#primaryimage"},"thumbnailUrl":"https:\/\/www.foire-des-minees.fr\/wp-content\/uploads\/2025\/12\/Voeux2026_sans-affiche.jpg","inLanguage":"fr-FR"},{"@type":"WebPage","@id":"https:\/\/www.foire-des-minees.fr\/voeux-2026\/","url":"https:\/\/www.foire-des-minees.fr\/voeux-2026\/","name":"Voeux 2026 - Foire des Min\u00e9es","isPartOf":{"@id":"https:\/\/www.foire-des-minees.fr\/#website"},"primaryImageOfPage":{"@id":"https:\/\/www.foire-des-minees.fr\/voeux-2026\/#primaryimage"},"image":{"@id":"https:\/\/www.foire-des-minees.fr\/voeux-2026\/#primaryimage"},"thumbnailUrl":"https:\/\/www.foire-des-minees.fr\/wp-content\/uploads\/2025\/12\/Voeux2026_sans-affiche.jpg","datePublished":"2025-12-16T10:28:28+00:00","dateModified":"2025-12-16T16:17:54+00:00","author":{"@id":"https:\/\/www.foire-des-minees.fr\/#\/schema\/person\/ba4137f36ebe14ee5544ee44dba3c2f8"},"inLanguage":"fr-FR","potentialAction":[{"@type":"ReadAction","target":["https:\/\/www.foire-des-minees.fr\/voeux-2026\/"]}]},{"@type":"ImageObject","inLanguage":"fr-FR","@id":"https:\/\/www.foire-des-minees.fr\/voeux-2026\/#primaryimage","url":"https:\/\/www.foire-des-minees.fr\/wp-content\/uploads\/2025\/12\/Voeux2026_sans-affiche.jpg","contentUrl":"https:\/\/www.foire-des-minees.fr\/wp-content\/uploads\/2025\/12\/Voeux2026_sans-affiche.jpg","width":830,"height":584},{"@type":"WebSite","@id":"https:\/\/www.foire-des-minees.fr\/#website","url":"https:\/\/www.foire-des-minees.fr\/","name":"Foire des Min\u00e9es","description":"Foire Vend\u00e9e, foire commerciale vend\u00e9enne, pr\u00e9sentation de la foire commerciale du Nord-Ouest Vend\u00e9en : Foire des Min\u00e9es","potentialAction":[{"@type":"SearchAction","target":{"@type":"EntryPoint","urlTemplate":"https:\/\/www.foire-des-minees.fr\/?s={search_term_string}"},"query-input":{"@type":"PropertyValueSpecification","valueRequired":true,"valueName":"search_term_string"}}],"inLanguage":"fr-FR"},{"@type":"Person","@id":"https:\/\/www.foire-des-minees.fr\/#\/schema\/person\/ba4137f36ebe14ee5544ee44dba3c2f8","name":"Adeline","url":"https:\/\/www.foire-des-minees.fr\/author\/editeur-foire-des-minees\/"}]}},"_links":{"self":[{"href":"https:\/\/www.foire-des-minees.fr\/api\/wp\/v2\/posts\/3559","targetHints":{"allow":["GET"]}}],"collection":[{"href":"https:\/\/www.foire-des-minees.fr\/api\/wp\/v2\/posts"}],"about":[{"href":"https:\/\/www.foire-des-minees.fr\/api\/wp\/v2\/types\/post"}],"author":[{"embeddable":true,"href":"https:\/\/www.foire-des-minees.fr\/api\/wp\/v2\/users\/2"}],"replies":[{"embeddable":true,"href":"https:\/\/www.foire-des-minees.fr\/api\/wp\/v2\/comments?post=3559"}],"version-history":[{"count":2,"href":"https:\/\/www.foire-des-minees.fr\/api\/wp\/v2\/posts\/3559\/revisions"}],"predecessor-version":[{"id":3563,"href":"https:\/\/www.foire-des-minees.fr\/api\/wp\/v2\/posts\/3559\/revisions\/3563"}],"wp:featuredmedia":[{"embeddable":true,"href":"https:\/\/www.foire-des-minees.fr\/api\/wp\/v2\/media\/3562"}],"wp:attachment":[{"href":"https:\/\/www.foire-des-minees.fr\/api\/wp\/v2\/media?parent=3559"}],"wp:term":[{"taxonomy":"category","embeddable":true,"href":"https:\/\/www.foire-des-minees.fr\/api\/wp\/v2\/categories?post=3559"},{"taxonomy":"post_tag","embeddable":true,"href":"https:\/\/www.foire-des-minees.fr\/api\/wp\/v2\/tags?post=3559"}],"curies":[{"name":"wp","href":"https:\/\/api.w.org\/{rel}","templated":true}]}}