{"id":729,"date":"2020-07-17T11:14:33","date_gmt":"2020-07-17T09:14:33","guid":{"rendered":"https:\/\/www.foire-des-minees.fr\/?p=729"},"modified":"2023-04-21T11:15:02","modified_gmt":"2023-04-21T09:15:02","slug":"communique-covid-19","status":"publish","type":"post","link":"https:\/\/www.foire-des-minees.fr\/communique-covid-19\/","title":{"rendered":"Communiqu\u00e9 COVID 19"},"content":{"rendered":"[et_pb_section fb_built=\u00a0\u00bb1&Prime; admin_label=\u00a0\u00bbsection\u00a0\u00bb _builder_version=\u00a0\u00bb4.16&Prime; global_colors_info=\u00a0\u00bb{}\u00a0\u00bb][et_pb_row admin_label=\u00a0\u00bbrow\u00a0\u00bb _builder_version=\u00a0\u00bb4.16&Prime; background_size=\u00a0\u00bbinitial\u00a0\u00bb background_position=\u00a0\u00bbtop_left\u00a0\u00bb background_repeat=\u00a0\u00bbrepeat\u00a0\u00bb global_colors_info=\u00a0\u00bb{}\u00a0\u00bb][et_pb_column type=\u00a0\u00bb4_4&Prime; _builder_version=\u00a0\u00bb4.16&Prime; custom_padding=\u00a0\u00bb|||\u00a0\u00bb global_colors_info=\u00a0\u00bb{}\u00a0\u00bb custom_padding__hover=\u00a0\u00bb|||\u00a0\u00bb][et_pb_text admin_label=\u00a0\u00bbText\u00a0\u00bb _builder_version=\u00a0\u00bb4.20.4&Prime; background_size=\u00a0\u00bbinitial\u00a0\u00bb background_position=\u00a0\u00bbtop_left\u00a0\u00bb background_repeat=\u00a0\u00bbrepeat\u00a0\u00bb hover_enabled=\u00a0\u00bb0&Prime; global_colors_info=\u00a0\u00bb{}\u00a0\u00bb sticky_enabled=\u00a0\u00bb0&Prime;]<p align=\"JUSTIFY\">Le Contexte sanitaire li\u00e9 au Covid 19 nous contraint \u00e0 prendre des dispositions pour la mise en place de la Foire Exposition 2020.<\/p>\n<p align=\"JUSTIFY\">Les incertitudes qui p\u00e8sent sur l&rsquo;\u00e9volution de cette pand\u00e9mie nous obligent \u00e0 anticiper sur une organisation \u00a0\u00bball\u00e9g\u00e9e\u00a0\u00bb, par rapport aux ann\u00e9es pr\u00e9c\u00e9dentes.<br \/>Pour information, tous les stands commerciaux de cette Foire sont attribu\u00e9s \u00e0 ce jour.<\/p>\n<p align=\"JUSTIFY\">C&rsquo;est pourquoi\u00a0<b>le Comit\u00e9 de Foire a d\u00e9cid\u00e9 le maintien de la Foire, dans son aspect commercial, en prenant des dispositions pour le respect des r\u00e8gles sanitaires.<\/b><\/p>\n<p align=\"JUSTIFY\">De plus, afin de limiter les risques, il n&rsquo;y aura pas d&rsquo;animations sur la base d&rsquo;un th\u00e8me annuel (Exemple le Far West en 2019).<\/p>\n<p align=\"JUSTIFY\"><b>Le Comit\u00e9 a \u00e9galement d\u00e9cid\u00e9 de r\u00e9duire le co\u00fbt des entr\u00e9es \u00e0 la Foire : (2,50 \u20ac contre 3,50 \u20ac les ann\u00e9es pr\u00e9c\u00e9dentes pour le public)<\/b><\/p>\n<p align=\"JUSTIFY\">Ces dispositions sont prises afin de maintenir l&rsquo;aspect commercial de notre Foire, afin de permettre \u00e0 nos exposants fid\u00e8les de relancer leur activit\u00e9 en cette p\u00e9riode particuli\u00e8re.<\/p>\n<p align=\"JUSTIFY\">Sachez que le Comit\u00e9 fera tout ce qui est en son pouvoir pour que l&rsquo;organisation permette une activit\u00e9 commerciale la plus compl\u00e8te possible.<\/p>\n<p><\/p>[\/et_pb_text][\/et_pb_column][\/et_pb_row][\/et_pb_section]<!-- \/wp:post-content -->","protected":false},"excerpt":{"rendered":"<p>Le Contexte sanitaire li\u00e9 au Covid 19 nous contraint \u00e0 prendre des dispositions pour la mise en place de la Foire Exposition 2020. Les incertitudes qui p\u00e8sent sur l&rsquo;\u00e9volution de cette pand\u00e9mie nous obligent \u00e0 anticiper sur une organisation \u00a0\u00bball\u00e9g\u00e9e\u00a0\u00bb, par rapport aux ann\u00e9es pr\u00e9c\u00e9dentes.Pour information, tous les stands commerciaux de cette Foire sont attribu\u00e9s [&hellip;]<\/p>\n","protected":false},"author":1,"featured_media":725,"comment_status":"open","ping_status":"open","sticky":false,"template":"","format":"standard","meta":{"_et_pb_use_builder":"on","_et_pb_old_content":"<!-- wp:paragraph -->\r\n<p>Bienvenue sur WordPress. Ceci est votre premier article. Modifiez-le ou supprimez-le, puis commencez \u00e0 \u00e9crire\u00a0!<\/p>\r\n<!-- \/wp:paragraph -->","_et_gb_content_width":"","footnotes":""},"categories":[1],"tags":[],"class_list":["post-729","post","type-post","status-publish","format-standard","has-post-thumbnail","hentry","category-non-classe"],"yoast_head":"<!-- This site is optimized with the Yoast SEO plugin v26.9 - https:\/\/yoast.com\/product\/yoast-seo-wordpress\/ -->\n<title>Communiqu\u00e9 COVID 19 - Foire des Min\u00e9es<\/title>\n<meta name=\"robots\" content=\"index, follow, max-snippet:-1, max-image-preview:large, max-video-preview:-1\" \/>\n<link rel=\"canonical\" href=\"https:\/\/www.foire-des-minees.fr\/communique-covid-19\/\" \/>\n<meta property=\"og:locale\" content=\"fr_FR\" \/>\n<meta property=\"og:type\" content=\"article\" \/>\n<meta property=\"og:title\" content=\"Communiqu\u00e9 COVID 19 - Foire des Min\u00e9es\" \/>\n<meta property=\"og:description\" content=\"Le Contexte sanitaire li\u00e9 au Covid 19 nous contraint \u00e0 prendre des dispositions pour la mise en place de la Foire Exposition 2020. Les incertitudes qui p\u00e8sent sur l&#039;\u00e9volution de cette pand\u00e9mie nous obligent \u00e0 anticiper sur une organisation &#039;&#039;all\u00e9g\u00e9e&#039;&#039;, par rapport aux ann\u00e9es pr\u00e9c\u00e9dentes.Pour information, tous les stands commerciaux de cette Foire sont attribu\u00e9s [&hellip;]\" \/>\n<meta property=\"og:url\" content=\"https:\/\/www.foire-des-minees.fr\/communique-covid-19\/\" \/>\n<meta property=\"og:site_name\" content=\"Foire des Min\u00e9es\" \/>\n<meta property=\"article:publisher\" content=\"https:\/\/www.facebook.com\/FoireDesMinees\" \/>\n<meta property=\"article:published_time\" content=\"2020-07-17T09:14:33+00:00\" \/>\n<meta property=\"article:modified_time\" content=\"2023-04-21T09:15:02+00:00\" \/>\n<meta property=\"og:image\" content=\"https:\/\/www.foire-des-minees.fr\/wp-content\/uploads\/2020\/07\/article-base.jpg\" \/>\n\t<meta property=\"og:image:width\" content=\"1248\" \/>\n\t<meta property=\"og:image:height\" content=\"780\" \/>\n\t<meta property=\"og:image:type\" content=\"image\/jpeg\" \/>\n<meta name=\"author\" content=\"admin-foiredesminees\" \/>\n<meta name=\"twitter:card\" content=\"summary_large_image\" \/>\n<meta name=\"twitter:label1\" content=\"\u00c9crit par\" \/>\n\t<meta name=\"twitter:data1\" content=\"admin-foiredesminees\" \/>\n\t<meta name=\"twitter:label2\" content=\"Dur\u00e9e de lecture estim\u00e9e\" \/>\n\t<meta name=\"twitter:data2\" content=\"1 minute\" \/>\n<script type=\"application\/ld+json\" class=\"yoast-schema-graph\">{\"@context\":\"https:\/\/schema.org\",\"@graph\":[{\"@type\":\"Article\",\"@id\":\"https:\/\/www.foire-des-minees.fr\/communique-covid-19\/#article\",\"isPartOf\":{\"@id\":\"https:\/\/www.foire-des-minees.fr\/communique-covid-19\/\"},\"author\":{\"name\":\"admin-foiredesminees\",\"@id\":\"https:\/\/www.foire-des-minees.fr\/#\/schema\/person\/198ea9ee246f0047360bf870ada89f30\"},\"headline\":\"Communiqu\u00e9 COVID 19\",\"datePublished\":\"2020-07-17T09:14:33+00:00\",\"dateModified\":\"2023-04-21T09:15:02+00:00\",\"mainEntityOfPage\":{\"@id\":\"https:\/\/www.foire-des-minees.fr\/communique-covid-19\/\"},\"wordCount\":289,\"commentCount\":3,\"image\":{\"@id\":\"https:\/\/www.foire-des-minees.fr\/communique-covid-19\/#primaryimage\"},\"thumbnailUrl\":\"https:\/\/www.foire-des-minees.fr\/wp-content\/uploads\/2020\/07\/article-base.jpg\",\"inLanguage\":\"fr-FR\",\"potentialAction\":[{\"@type\":\"CommentAction\",\"name\":\"Comment\",\"target\":[\"https:\/\/www.foire-des-minees.fr\/communique-covid-19\/#respond\"]}]},{\"@type\":\"WebPage\",\"@id\":\"https:\/\/www.foire-des-minees.fr\/communique-covid-19\/\",\"url\":\"https:\/\/www.foire-des-minees.fr\/communique-covid-19\/\",\"name\":\"Communiqu\u00e9 COVID 19 - Foire des Min\u00e9es\",\"isPartOf\":{\"@id\":\"https:\/\/www.foire-des-minees.fr\/#website\"},\"primaryImageOfPage\":{\"@id\":\"https:\/\/www.foire-des-minees.fr\/communique-covid-19\/#primaryimage\"},\"image\":{\"@id\":\"https:\/\/www.foire-des-minees.fr\/communique-covid-19\/#primaryimage\"},\"thumbnailUrl\":\"https:\/\/www.foire-des-minees.fr\/wp-content\/uploads\/2020\/07\/article-base.jpg\",\"datePublished\":\"2020-07-17T09:14:33+00:00\",\"dateModified\":\"2023-04-21T09:15:02+00:00\",\"author\":{\"@id\":\"https:\/\/www.foire-des-minees.fr\/#\/schema\/person\/198ea9ee246f0047360bf870ada89f30\"},\"inLanguage\":\"fr-FR\",\"potentialAction\":[{\"@type\":\"ReadAction\",\"target\":[\"https:\/\/www.foire-des-minees.fr\/communique-covid-19\/\"]}]},{\"@type\":\"ImageObject\",\"inLanguage\":\"fr-FR\",\"@id\":\"https:\/\/www.foire-des-minees.fr\/communique-covid-19\/#primaryimage\",\"url\":\"https:\/\/www.foire-des-minees.fr\/wp-content\/uploads\/2020\/07\/article-base.jpg\",\"contentUrl\":\"https:\/\/www.foire-des-minees.fr\/wp-content\/uploads\/2020\/07\/article-base.jpg\",\"width\":1248,\"height\":780},{\"@type\":\"WebSite\",\"@id\":\"https:\/\/www.foire-des-minees.fr\/#website\",\"url\":\"https:\/\/www.foire-des-minees.fr\/\",\"name\":\"Foire des Min\u00e9es\",\"description\":\"Foire Vend\u00e9e, foire commerciale vend\u00e9enne, pr\u00e9sentation de la foire commerciale du Nord-Ouest Vend\u00e9en : Foire des Min\u00e9es\",\"potentialAction\":[{\"@type\":\"SearchAction\",\"target\":{\"@type\":\"EntryPoint\",\"urlTemplate\":\"https:\/\/www.foire-des-minees.fr\/?s={search_term_string}\"},\"query-input\":{\"@type\":\"PropertyValueSpecification\",\"valueRequired\":true,\"valueName\":\"search_term_string\"}}],\"inLanguage\":\"fr-FR\"},{\"@type\":\"Person\",\"@id\":\"https:\/\/www.foire-des-minees.fr\/#\/schema\/person\/198ea9ee246f0047360bf870ada89f30\",\"name\":\"admin-foiredesminees\",\"sameAs\":[\"https:\/\/www.foire-des-minees.fr\"],\"url\":\"https:\/\/www.foire-des-minees.fr\/author\/admin-foiredesminees\/\"}]}<\/script>\n<!-- \/ Yoast SEO plugin. -->","yoast_head_json":{"title":"Communiqu\u00e9 COVID 19 - Foire des Min\u00e9es","robots":{"index":"index","follow":"follow","max-snippet":"max-snippet:-1","max-image-preview":"max-image-preview:large","max-video-preview":"max-video-preview:-1"},"canonical":"https:\/\/www.foire-des-minees.fr\/communique-covid-19\/","og_locale":"fr_FR","og_type":"article","og_title":"Communiqu\u00e9 COVID 19 - Foire des Min\u00e9es","og_description":"Le Contexte sanitaire li\u00e9 au Covid 19 nous contraint \u00e0 prendre des dispositions pour la mise en place de la Foire Exposition 2020. Les incertitudes qui p\u00e8sent sur l'\u00e9volution de cette pand\u00e9mie nous obligent \u00e0 anticiper sur une organisation ''all\u00e9g\u00e9e'', par rapport aux ann\u00e9es pr\u00e9c\u00e9dentes.Pour information, tous les stands commerciaux de cette Foire sont attribu\u00e9s [&hellip;]","og_url":"https:\/\/www.foire-des-minees.fr\/communique-covid-19\/","og_site_name":"Foire des Min\u00e9es","article_publisher":"https:\/\/www.facebook.com\/FoireDesMinees","article_published_time":"2020-07-17T09:14:33+00:00","article_modified_time":"2023-04-21T09:15:02+00:00","og_image":[{"width":1248,"height":780,"url":"https:\/\/www.foire-des-minees.fr\/wp-content\/uploads\/2020\/07\/article-base.jpg","type":"image\/jpeg"}],"author":"admin-foiredesminees","twitter_card":"summary_large_image","twitter_misc":{"\u00c9crit par":"admin-foiredesminees","Dur\u00e9e de lecture estim\u00e9e":"1 minute"},"schema":{"@context":"https:\/\/schema.org","@graph":[{"@type":"Article","@id":"https:\/\/www.foire-des-minees.fr\/communique-covid-19\/#article","isPartOf":{"@id":"https:\/\/www.foire-des-minees.fr\/communique-covid-19\/"},"author":{"name":"admin-foiredesminees","@id":"https:\/\/www.foire-des-minees.fr\/#\/schema\/person\/198ea9ee246f0047360bf870ada89f30"},"headline":"Communiqu\u00e9 COVID 19","datePublished":"2020-07-17T09:14:33+00:00","dateModified":"2023-04-21T09:15:02+00:00","mainEntityOfPage":{"@id":"https:\/\/www.foire-des-minees.fr\/communique-covid-19\/"},"wordCount":289,"commentCount":3,"image":{"@id":"https:\/\/www.foire-des-minees.fr\/communique-covid-19\/#primaryimage"},"thumbnailUrl":"https:\/\/www.foire-des-minees.fr\/wp-content\/uploads\/2020\/07\/article-base.jpg","inLanguage":"fr-FR","potentialAction":[{"@type":"CommentAction","name":"Comment","target":["https:\/\/www.foire-des-minees.fr\/communique-covid-19\/#respond"]}]},{"@type":"WebPage","@id":"https:\/\/www.foire-des-minees.fr\/communique-covid-19\/","url":"https:\/\/www.foire-des-minees.fr\/communique-covid-19\/","name":"Communiqu\u00e9 COVID 19 - Foire des Min\u00e9es","isPartOf":{"@id":"https:\/\/www.foire-des-minees.fr\/#website"},"primaryImageOfPage":{"@id":"https:\/\/www.foire-des-minees.fr\/communique-covid-19\/#primaryimage"},"image":{"@id":"https:\/\/www.foire-des-minees.fr\/communique-covid-19\/#primaryimage"},"thumbnailUrl":"https:\/\/www.foire-des-minees.fr\/wp-content\/uploads\/2020\/07\/article-base.jpg","datePublished":"2020-07-17T09:14:33+00:00","dateModified":"2023-04-21T09:15:02+00:00","author":{"@id":"https:\/\/www.foire-des-minees.fr\/#\/schema\/person\/198ea9ee246f0047360bf870ada89f30"},"inLanguage":"fr-FR","potentialAction":[{"@type":"ReadAction","target":["https:\/\/www.foire-des-minees.fr\/communique-covid-19\/"]}]},{"@type":"ImageObject","inLanguage":"fr-FR","@id":"https:\/\/www.foire-des-minees.fr\/communique-covid-19\/#primaryimage","url":"https:\/\/www.foire-des-minees.fr\/wp-content\/uploads\/2020\/07\/article-base.jpg","contentUrl":"https:\/\/www.foire-des-minees.fr\/wp-content\/uploads\/2020\/07\/article-base.jpg","width":1248,"height":780},{"@type":"WebSite","@id":"https:\/\/www.foire-des-minees.fr\/#website","url":"https:\/\/www.foire-des-minees.fr\/","name":"Foire des Min\u00e9es","description":"Foire Vend\u00e9e, foire commerciale vend\u00e9enne, pr\u00e9sentation de la foire commerciale du Nord-Ouest Vend\u00e9en : Foire des Min\u00e9es","potentialAction":[{"@type":"SearchAction","target":{"@type":"EntryPoint","urlTemplate":"https:\/\/www.foire-des-minees.fr\/?s={search_term_string}"},"query-input":{"@type":"PropertyValueSpecification","valueRequired":true,"valueName":"search_term_string"}}],"inLanguage":"fr-FR"},{"@type":"Person","@id":"https:\/\/www.foire-des-minees.fr\/#\/schema\/person\/198ea9ee246f0047360bf870ada89f30","name":"admin-foiredesminees","sameAs":["https:\/\/www.foire-des-minees.fr"],"url":"https:\/\/www.foire-des-minees.fr\/author\/admin-foiredesminees\/"}]}},"_links":{"self":[{"href":"https:\/\/www.foire-des-minees.fr\/api\/wp\/v2\/posts\/729","targetHints":{"allow":["GET"]}}],"collection":[{"href":"https:\/\/www.foire-des-minees.fr\/api\/wp\/v2\/posts"}],"about":[{"href":"https:\/\/www.foire-des-minees.fr\/api\/wp\/v2\/types\/post"}],"author":[{"embeddable":true,"href":"https:\/\/www.foire-des-minees.fr\/api\/wp\/v2\/users\/1"}],"replies":[{"embeddable":true,"href":"https:\/\/www.foire-des-minees.fr\/api\/wp\/v2\/comments?post=729"}],"version-history":[{"count":2,"href":"https:\/\/www.foire-des-minees.fr\/api\/wp\/v2\/posts\/729\/revisions"}],"predecessor-version":[{"id":732,"href":"https:\/\/www.foire-des-minees.fr\/api\/wp\/v2\/posts\/729\/revisions\/732"}],"wp:featuredmedia":[{"embeddable":true,"href":"https:\/\/www.foire-des-minees.fr\/api\/wp\/v2\/media\/725"}],"wp:attachment":[{"href":"https:\/\/www.foire-des-minees.fr\/api\/wp\/v2\/media?parent=729"}],"wp:term":[{"taxonomy":"category","embeddable":true,"href":"https:\/\/www.foire-des-minees.fr\/api\/wp\/v2\/categories?post=729"},{"taxonomy":"post_tag","embeddable":true,"href":"https:\/\/www.foire-des-minees.fr\/api\/wp\/v2\/tags?post=729"}],"curies":[{"name":"wp","href":"https:\/\/api.w.org\/{rel}","templated":true}]}}